{"id":6574,"date":"2022-09-23T17:30:59","date_gmt":"2022-09-23T15:30:59","guid":{"rendered":"https:\/\/daudruy.fr\/?p=6574"},"modified":"2022-09-23T17:30:59","modified_gmt":"2022-09-23T15:30:59","slug":"daudruy-rejoint-le-dispositif-fret21","status":"publish","type":"post","link":"https:\/\/daudruy.fr\/en\/daudruy-rejoint-le-dispositif-fret21.html","title":{"rendered":"Daudruy rejoint le dispositif FRET21."},"content":{"rendered":"<p style=\"font-weight: 400;\">Consciente de l\u2019importance des enjeux li\u00e9s au r\u00e9chauffement climatique, DAUDRUY est heureuse de vous annoncer son engagement dans le Programme EVE (Engagements Volontaires pour l\u2019Environnement) et dans son dispositif FRET21.<\/p>\n<p style=\"font-weight: 400;\"><strong>DAUDRUY s\u2019engage ainsi \u00e0 r\u00e9duire l\u2019impact environnemental de ses transports.<\/strong><\/p>\n<p>Concr\u00e8tement, cet engagement se traduit par la d\u00e9finition d\u2019un objectif de r\u00e9duction de 11 % des \u00e9missions GES de nos flux aval, d\u2019ici fin 2024, soit 256 tonnes de CO2 \u00e9vit\u00e9es.<br \/>\n\u2022 Encourager l\u2019utilisation de carburant alternatif comme le B100 aupr\u00e8s de ses transporteurs,<br \/>\n\u2022 Am\u00e9liorer la collecte des donn\u00e9es carbone<br \/>\n\u2022 Augmenter le taux de remplissage des citernes<br \/>\nsont des exemples d\u2019actions men\u00e9es.<\/p>\n<div>\n<p>Le dispositif FRET21 est une d\u00e9marche volontaire des entreprises agissant en qualit\u00e9 de donneurs d\u2019ordre pour mieux int\u00e9grer l\u2019impact des transports dans leur strat\u00e9gie de d\u00e9veloppement durable. Les entreprises volontaires signent un accord d\u2019engagement et b\u00e9n\u00e9ficient d\u2019outils et d\u2019un accompagnement personnalis\u00e9 sur 3 ans.<br \/>\nLe dispositif FRET21 fait partie du programme EVE (Engagements Volontaires pour l\u2019Environnement \u2013 Transport et Logistique). Pour en savoir plus sur le programme EVE, n\u2019h\u00e9sitez pas \u00e0 consulter le site internet\u00a0\u00a0<a href=\"https:\/\/www.eve-transport-logistique.fr\/\">https:\/\/www.eve-transport-logistique.fr<\/a> \/ <a href=\"http:\/\/www.fret21.eu\/\">www.fret21.eu<\/a><\/p>\n<p><img fetchpriority=\"high\" decoding=\"async\" class=\"wp-image-6577 size-full\" src=\"https:\/\/daudruy.fr\/wp-content\/uploads\/2022\/09\/fret21.png\" alt=\"fret21\" width=\"3415\" height=\"1920\" srcset=\"https:\/\/daudruy.fr\/wp-content\/uploads\/2022\/09\/fret21.png 3415w, https:\/\/daudruy.fr\/wp-content\/uploads\/2022\/09\/fret21-1536x864.png 1536w, https:\/\/daudruy.fr\/wp-content\/uploads\/2022\/09\/fret21-2048x1151.png 2048w, https:\/\/daudruy.fr\/wp-content\/uploads\/2022\/09\/fret21-18x10.png 18w\" sizes=\"(max-width: 3415px) 100vw, 3415px\" \/><\/p>\n<\/div>","protected":false},"excerpt":{"rendered":"<p>Consciente de l\u2019importance des enjeux li\u00e9s au r\u00e9chauffement climatique, DAUDRUY est heureuse de vous annoncer son engagement dans le Programme EVE (Engagements Volontaires pour l\u2019Environnement) et dans son dispositif FRET21. DAUDRUY s\u2019engage ainsi \u00e0 r\u00e9duire l\u2019impact environnemental de ses transports. Concr\u00e8tement, cet engagement se traduit par la d\u00e9finition d\u2019un objectif de r\u00e9duction de 11 % [&hellip;]<\/p>\n","protected":false},"author":4,"featured_media":6593,"comment_status":"closed","ping_status":"closed","sticky":false,"template":"","format":"standard","meta":{"_acf_changed":false,"_seopress_robots_primary_cat":"none","_seopress_titles_title":"","_seopress_titles_desc":"","_seopress_robots_index":"","inline_featured_image":false,"footnotes":""},"categories":[1],"tags":[],"class_list":["post-6574","post","type-post","status-publish","format-standard","has-post-thumbnail","hentry","category-non-classe"],"acf":[],"yoast_head":"<!-- This site is optimized with the Yoast SEO Premium plugin v22.8 (Yoast SEO v27.2) - https:\/\/yoast.com\/product\/yoast-seo-premium-wordpress\/ -->\n<title>Daudruy rejoint le dispositif FRET21. - Daudruy<\/title>\n<meta name=\"robots\" content=\"index, follow, max-snippet:-1, max-image-preview:large, max-video-preview:-1\" \/>\n<link rel=\"canonical\" href=\"https:\/\/daudruy.fr\/en\/daudruy-rejoint-le-dispositif-fret21.html\" \/>\n<meta property=\"og:locale\" content=\"en_GB\" \/>\n<meta property=\"og:type\" content=\"article\" \/>\n<meta property=\"og:title\" content=\"Daudruy rejoint le dispositif FRET21.\" \/>\n<meta property=\"og:description\" content=\"Consciente de l\u2019importance des enjeux li\u00e9s au r\u00e9chauffement climatique, DAUDRUY est heureuse de vous annoncer son engagement dans le Programme EVE (Engagements Volontaires pour l\u2019Environnement) et dans son dispositif FRET21. DAUDRUY s\u2019engage ainsi \u00e0 r\u00e9duire l\u2019impact environnemental de ses transports. Concr\u00e8tement, cet engagement se traduit par la d\u00e9finition d\u2019un objectif de r\u00e9duction de 11 % [&hellip;]\" \/>\n<meta property=\"og:url\" content=\"https:\/\/daudruy.fr\/en\/daudruy-rejoint-le-dispositif-fret21.html\" \/>\n<meta property=\"og:site_name\" content=\"Daudruy\" \/>\n<meta property=\"article:published_time\" content=\"2022-09-23T15:30:59+00:00\" \/>\n<meta property=\"og:image\" content=\"https:\/\/daudruy.fr\/wp-content\/uploads\/2022\/09\/IMG_1802-scaled.jpeg\" \/>\n\t<meta property=\"og:image:width\" content=\"2560\" \/>\n\t<meta property=\"og:image:height\" content=\"671\" \/>\n\t<meta property=\"og:image:type\" content=\"image\/jpeg\" \/>\n<meta name=\"author\" content=\"Ameline\" \/>\n<meta name=\"twitter:card\" content=\"summary_large_image\" \/>\n<meta name=\"twitter:label1\" content=\"Written by\" \/>\n\t<meta name=\"twitter:data1\" content=\"Ameline\" \/>\n\t<meta name=\"twitter:label2\" content=\"Estimated reading time\" \/>\n\t<meta name=\"twitter:data2\" content=\"1 minute\" \/>\n<script type=\"application\/ld+json\" class=\"yoast-schema-graph\">{\"@context\":\"https:\/\/schema.org\",\"@graph\":[{\"@type\":\"Article\",\"@id\":\"https:\/\/daudruy.fr\/daudruy-rejoint-le-dispositif-fret21.html#article\",\"isPartOf\":{\"@id\":\"https:\/\/daudruy.fr\/daudruy-rejoint-le-dispositif-fret21.html\"},\"author\":{\"name\":\"Ameline\",\"@id\":\"https:\/\/daudruy.fr\/#\/schema\/person\/8c39b845629246f7a85d391a2148c02d\"},\"headline\":\"Daudruy rejoint le dispositif FRET21.\",\"datePublished\":\"2022-09-23T15:30:59+00:00\",\"mainEntityOfPage\":{\"@id\":\"https:\/\/daudruy.fr\/daudruy-rejoint-le-dispositif-fret21.html\"},\"wordCount\":213,\"publisher\":{\"@id\":\"https:\/\/daudruy.fr\/#organization\"},\"image\":{\"@id\":\"https:\/\/daudruy.fr\/daudruy-rejoint-le-dispositif-fret21.html#primaryimage\"},\"thumbnailUrl\":\"https:\/\/daudruy.fr\/wp-content\/uploads\/2022\/09\/IMG_1802-scaled.jpeg\",\"articleSection\":[\"Non class\u00e9\"],\"inLanguage\":\"en-GB\"},{\"@type\":\"WebPage\",\"@id\":\"https:\/\/daudruy.fr\/daudruy-rejoint-le-dispositif-fret21.html\",\"url\":\"https:\/\/daudruy.fr\/daudruy-rejoint-le-dispositif-fret21.html\",\"name\":\"Daudruy rejoint le dispositif FRET21. - Daudruy\",\"isPartOf\":{\"@id\":\"https:\/\/daudruy.fr\/#website\"},\"primaryImageOfPage\":{\"@id\":\"https:\/\/daudruy.fr\/daudruy-rejoint-le-dispositif-fret21.html#primaryimage\"},\"image\":{\"@id\":\"https:\/\/daudruy.fr\/daudruy-rejoint-le-dispositif-fret21.html#primaryimage\"},\"thumbnailUrl\":\"https:\/\/daudruy.fr\/wp-content\/uploads\/2022\/09\/IMG_1802-scaled.jpeg\",\"datePublished\":\"2022-09-23T15:30:59+00:00\",\"breadcrumb\":{\"@id\":\"https:\/\/daudruy.fr\/daudruy-rejoint-le-dispositif-fret21.html#breadcrumb\"},\"inLanguage\":\"en-GB\",\"potentialAction\":[{\"@type\":\"ReadAction\",\"target\":[\"https:\/\/daudruy.fr\/daudruy-rejoint-le-dispositif-fret21.html\"]}]},{\"@type\":\"ImageObject\",\"inLanguage\":\"en-GB\",\"@id\":\"https:\/\/daudruy.fr\/daudruy-rejoint-le-dispositif-fret21.html#primaryimage\",\"url\":\"https:\/\/daudruy.fr\/wp-content\/uploads\/2022\/09\/IMG_1802-scaled.jpeg\",\"contentUrl\":\"https:\/\/daudruy.fr\/wp-content\/uploads\/2022\/09\/IMG_1802-scaled.jpeg\",\"width\":2560,\"height\":671,\"caption\":\"img 1802\"},{\"@type\":\"BreadcrumbList\",\"@id\":\"https:\/\/daudruy.fr\/daudruy-rejoint-le-dispositif-fret21.html#breadcrumb\",\"itemListElement\":[{\"@type\":\"ListItem\",\"position\":1,\"name\":\"Home\",\"item\":\"https:\/\/daudruy.fr\/\"},{\"@type\":\"ListItem\",\"position\":2,\"name\":\"Daudruy rejoint le dispositif FRET21.\"}]},{\"@type\":\"WebSite\",\"@id\":\"https:\/\/daudruy.fr\/#website\",\"url\":\"https:\/\/daudruy.fr\/\",\"name\":\"Daudruy\",\"description\":\"Sp\u00e9cialiste des huiles v\u00e9g\u00e9tales\",\"publisher\":{\"@id\":\"https:\/\/daudruy.fr\/#organization\"},\"potentialAction\":[{\"@type\":\"SearchAction\",\"target\":{\"@type\":\"EntryPoint\",\"urlTemplate\":\"https:\/\/daudruy.fr\/?s={search_term_string}\"},\"query-input\":{\"@type\":\"PropertyValueSpecification\",\"valueRequired\":true,\"valueName\":\"search_term_string\"}}],\"inLanguage\":\"en-GB\"},{\"@type\":\"Organization\",\"@id\":\"https:\/\/daudruy.fr\/#organization\",\"name\":\"Daudruy\",\"url\":\"https:\/\/daudruy.fr\/\",\"logo\":{\"@type\":\"ImageObject\",\"inLanguage\":\"en-GB\",\"@id\":\"https:\/\/daudruy.fr\/#\/schema\/logo\/image\/\",\"url\":\"https:\/\/daudruy.fr\/wp-content\/uploads\/2022\/05\/cropped-svgexport-1-2.png\",\"contentUrl\":\"https:\/\/daudruy.fr\/wp-content\/uploads\/2022\/05\/cropped-svgexport-1-2.png\",\"width\":512,\"height\":512,\"caption\":\"Daudruy\"},\"image\":{\"@id\":\"https:\/\/daudruy.fr\/#\/schema\/logo\/image\/\"}},{\"@type\":\"Person\",\"@id\":\"https:\/\/daudruy.fr\/#\/schema\/person\/8c39b845629246f7a85d391a2148c02d\",\"name\":\"Ameline\",\"url\":\"https:\/\/daudruy.fr\/en\/author\/ameline\"}]}<\/script>\n<!-- \/ Yoast SEO Premium plugin. -->","yoast_head_json":{"title":"Daudruy rejoint le dispositif FRET21. - Daudruy","robots":{"index":"index","follow":"follow","max-snippet":"max-snippet:-1","max-image-preview":"max-image-preview:large","max-video-preview":"max-video-preview:-1"},"canonical":"https:\/\/daudruy.fr\/en\/daudruy-rejoint-le-dispositif-fret21.html","og_locale":"en_GB","og_type":"article","og_title":"Daudruy rejoint le dispositif FRET21.","og_description":"Consciente de l\u2019importance des enjeux li\u00e9s au r\u00e9chauffement climatique, DAUDRUY est heureuse de vous annoncer son engagement dans le Programme EVE (Engagements Volontaires pour l\u2019Environnement) et dans son dispositif FRET21. DAUDRUY s\u2019engage ainsi \u00e0 r\u00e9duire l\u2019impact environnemental de ses transports. Concr\u00e8tement, cet engagement se traduit par la d\u00e9finition d\u2019un objectif de r\u00e9duction de 11 % [&hellip;]","og_url":"https:\/\/daudruy.fr\/en\/daudruy-rejoint-le-dispositif-fret21.html","og_site_name":"Daudruy","article_published_time":"2022-09-23T15:30:59+00:00","og_image":[{"width":2560,"height":671,"url":"https:\/\/daudruy.fr\/wp-content\/uploads\/2022\/09\/IMG_1802-scaled.jpeg","type":"image\/jpeg"}],"author":"Ameline","twitter_card":"summary_large_image","twitter_misc":{"Written by":"Ameline","Estimated reading time":"1 minute"},"schema":{"@context":"https:\/\/schema.org","@graph":[{"@type":"Article","@id":"https:\/\/daudruy.fr\/daudruy-rejoint-le-dispositif-fret21.html#article","isPartOf":{"@id":"https:\/\/daudruy.fr\/daudruy-rejoint-le-dispositif-fret21.html"},"author":{"name":"Ameline","@id":"https:\/\/daudruy.fr\/#\/schema\/person\/8c39b845629246f7a85d391a2148c02d"},"headline":"Daudruy rejoint le dispositif FRET21.","datePublished":"2022-09-23T15:30:59+00:00","mainEntityOfPage":{"@id":"https:\/\/daudruy.fr\/daudruy-rejoint-le-dispositif-fret21.html"},"wordCount":213,"publisher":{"@id":"https:\/\/daudruy.fr\/#organization"},"image":{"@id":"https:\/\/daudruy.fr\/daudruy-rejoint-le-dispositif-fret21.html#primaryimage"},"thumbnailUrl":"https:\/\/daudruy.fr\/wp-content\/uploads\/2022\/09\/IMG_1802-scaled.jpeg","articleSection":["Non class\u00e9"],"inLanguage":"en-GB"},{"@type":"WebPage","@id":"https:\/\/daudruy.fr\/daudruy-rejoint-le-dispositif-fret21.html","url":"https:\/\/daudruy.fr\/daudruy-rejoint-le-dispositif-fret21.html","name":"Daudruy rejoint le dispositif FRET21. - Daudruy","isPartOf":{"@id":"https:\/\/daudruy.fr\/#website"},"primaryImageOfPage":{"@id":"https:\/\/daudruy.fr\/daudruy-rejoint-le-dispositif-fret21.html#primaryimage"},"image":{"@id":"https:\/\/daudruy.fr\/daudruy-rejoint-le-dispositif-fret21.html#primaryimage"},"thumbnailUrl":"https:\/\/daudruy.fr\/wp-content\/uploads\/2022\/09\/IMG_1802-scaled.jpeg","datePublished":"2022-09-23T15:30:59+00:00","breadcrumb":{"@id":"https:\/\/daudruy.fr\/daudruy-rejoint-le-dispositif-fret21.html#breadcrumb"},"inLanguage":"en-GB","potentialAction":[{"@type":"ReadAction","target":["https:\/\/daudruy.fr\/daudruy-rejoint-le-dispositif-fret21.html"]}]},{"@type":"ImageObject","inLanguage":"en-GB","@id":"https:\/\/daudruy.fr\/daudruy-rejoint-le-dispositif-fret21.html#primaryimage","url":"https:\/\/daudruy.fr\/wp-content\/uploads\/2022\/09\/IMG_1802-scaled.jpeg","contentUrl":"https:\/\/daudruy.fr\/wp-content\/uploads\/2022\/09\/IMG_1802-scaled.jpeg","width":2560,"height":671,"caption":"img 1802"},{"@type":"BreadcrumbList","@id":"https:\/\/daudruy.fr\/daudruy-rejoint-le-dispositif-fret21.html#breadcrumb","itemListElement":[{"@type":"ListItem","position":1,"name":"Home","item":"https:\/\/daudruy.fr\/"},{"@type":"ListItem","position":2,"name":"Daudruy rejoint le dispositif FRET21."}]},{"@type":"WebSite","@id":"https:\/\/daudruy.fr\/#website","url":"https:\/\/daudruy.fr\/","name":"Daudruy","description":"Sp\u00e9cialiste des huiles v\u00e9g\u00e9tales","publisher":{"@id":"https:\/\/daudruy.fr\/#organization"},"potentialAction":[{"@type":"SearchAction","target":{"@type":"EntryPoint","urlTemplate":"https:\/\/daudruy.fr\/?s={search_term_string}"},"query-input":{"@type":"PropertyValueSpecification","valueRequired":true,"valueName":"search_term_string"}}],"inLanguage":"en-GB"},{"@type":"Organization","@id":"https:\/\/daudruy.fr\/#organization","name":"Daudruy","url":"https:\/\/daudruy.fr\/","logo":{"@type":"ImageObject","inLanguage":"en-GB","@id":"https:\/\/daudruy.fr\/#\/schema\/logo\/image\/","url":"https:\/\/daudruy.fr\/wp-content\/uploads\/2022\/05\/cropped-svgexport-1-2.png","contentUrl":"https:\/\/daudruy.fr\/wp-content\/uploads\/2022\/05\/cropped-svgexport-1-2.png","width":512,"height":512,"caption":"Daudruy"},"image":{"@id":"https:\/\/daudruy.fr\/#\/schema\/logo\/image\/"}},{"@type":"Person","@id":"https:\/\/daudruy.fr\/#\/schema\/person\/8c39b845629246f7a85d391a2148c02d","name":"Ameline","url":"https:\/\/daudruy.fr\/en\/author\/ameline"}]}},"_links":{"self":[{"href":"https:\/\/daudruy.fr\/en\/wp-json\/wp\/v2\/posts\/6574","targetHints":{"allow":["GET"]}}],"collection":[{"href":"https:\/\/daudruy.fr\/en\/wp-json\/wp\/v2\/posts"}],"about":[{"href":"https:\/\/daudruy.fr\/en\/wp-json\/wp\/v2\/types\/post"}],"author":[{"embeddable":true,"href":"https:\/\/daudruy.fr\/en\/wp-json\/wp\/v2\/users\/4"}],"replies":[{"embeddable":true,"href":"https:\/\/daudruy.fr\/en\/wp-json\/wp\/v2\/comments?post=6574"}],"version-history":[{"count":4,"href":"https:\/\/daudruy.fr\/en\/wp-json\/wp\/v2\/posts\/6574\/revisions"}],"predecessor-version":[{"id":6587,"href":"https:\/\/daudruy.fr\/en\/wp-json\/wp\/v2\/posts\/6574\/revisions\/6587"}],"wp:featuredmedia":[{"embeddable":true,"href":"https:\/\/daudruy.fr\/en\/wp-json\/wp\/v2\/media\/6593"}],"wp:attachment":[{"href":"https:\/\/daudruy.fr\/en\/wp-json\/wp\/v2\/media?parent=6574"}],"wp:term":[{"taxonomy":"category","embeddable":true,"href":"https:\/\/daudruy.fr\/en\/wp-json\/wp\/v2\/categories?post=6574"},{"taxonomy":"post_tag","embeddable":true,"href":"https:\/\/daudruy.fr\/en\/wp-json\/wp\/v2\/tags?post=6574"}],"curies":[{"name":"wp","href":"https:\/\/api.w.org\/{rel}","templated":true}]}}